{"id":869,"date":"2023-08-23T21:35:08","date_gmt":"2023-08-23T18:35:08","guid":{"rendered":"http:\/\/www.hannaperakyla.com\/?p=869"},"modified":"2024-02-16T10:27:56","modified_gmt":"2024-02-16T08:27:56","slug":"change-of-scenery-galleria-haa","status":"publish","type":"post","link":"http:\/\/www.hannaperakyla.com\/?p=869","title":{"rendered":"Change of Scenery \/ Galleria HAA"},"content":{"rendered":"\n<figure class=\"wp-block-image\"><img loading=\"lazy\" decoding=\"async\" width=\"1024\" height=\"726\" src=\"http:\/\/www.hannaperakyla.com\/wp-content\/uploads\/2023\/09\/Kutsu-Hanna-Per\u00e4kyl\u00e4-1024x726.jpg\" alt=\"\" class=\"wp-image-888\" srcset=\"http:\/\/www.hannaperakyla.com\/wp-content\/uploads\/2023\/09\/Kutsu-Hanna-Per\u00e4kyl\u00e4-1024x726.jpg 1024w, http:\/\/www.hannaperakyla.com\/wp-content\/uploads\/2023\/09\/Kutsu-Hanna-Per\u00e4kyl\u00e4-300x213.jpg 300w, http:\/\/www.hannaperakyla.com\/wp-content\/uploads\/2023\/09\/Kutsu-Hanna-Per\u00e4kyl\u00e4-768x545.jpg 768w, http:\/\/www.hannaperakyla.com\/wp-content\/uploads\/2023\/09\/Kutsu-Hanna-Per\u00e4kyl\u00e4.jpg 1748w\" sizes=\"auto, (max-width: 1024px) 100vw, 1024px\" \/><\/figure>\n\n\n\n<p>Hanna Per\u00e4kyl\u00e4<br><em>Change of Scenery<\/em><br>Galleria HAA<br>28.9.\u201322.10.2023<br>Tekstiili-installaatio<br><br>Hanna Per\u00e4kyl\u00e4n teoskokonaisuus <em>Change of Scenery <\/em>k\u00e4sittelee maiseman m\u00e4\u00e4rittely\u00e4 ja sen muokkausta, lyhytn\u00e4k\u00f6ist\u00e4 paikkaamista ja keskener\u00e4isyytt\u00e4. N\u00e4yttelyn nimi <em>Change of Scenery<\/em> viittaa sek\u00e4 maisemaan, ett\u00e4 lavastukseen, kulissiin &#8211; maiseman keinotekoiseen rakennelmaan, uudelleenj\u00e4rjestelyyn ja kerroksellisuuteen.<br><br>N\u00e4yttelykokonaisuus koostuu moniulotteisista tekstiiliteoksista, joiden osana on k\u00e4ytetty erityisesti erilaisia rakennusteollisuuteen viittaavia l\u00f6yt\u00f6materiaaleja: s\u00e4hk\u00f6kaapeleita, viiraa ja erilaisia liinoja, jotka yhdess\u00e4 rakentavat galleriatilaan maisemallisen installaation. Uusimmat teokset ovat kolmiulotteisia maisemamaalauksia, joiden pohjana ovat kierr\u00e4tetyt tekstiilit ja jo l\u00f6ydett\u00e4ess\u00e4 v\u00e4\u00e4ntyneeseen muotoonsa pakotetut, sattumanvaraiset ter\u00e4skehikot. <br><br>N\u00e4yttelykokonaisuuksien my\u00f6t\u00e4 Per\u00e4kyl\u00e4 on etsinyt uusia tapoja kehitt\u00e4\u00e4 ty\u00f6skentely\u00e4\u00e4n entist\u00e4 tilallisempaan suuntaan. H\u00e4n pyrkii muodostamaan maalauksesta kerroksellisen kuvan, jonka kokemiseen vaikuttaa yht\u00e4lailla katsomiskulma, ymp\u00e4rist\u00f6, syvyys ja osittain my\u00f6s liike. Teoskokonaisuus on ollut n\u00e4ht\u00e4vill\u00e4 Taidekeskus Id\u00e4ss\u00e4 kev\u00e4\u00e4ll\u00e4 2023, mutta osa Galleria HAA:n teoksista on ensi kertaa esill\u00e4.<br>__________<br><br>TaM Hanna Per\u00e4kyl\u00e4 (s.1984) on kouvolalainen kuva-ja tekstiilitaiteilija. H\u00e4nen teoksensa ovat k\u00e4sitelleet kulutuksen ja ihmisen materiaalisuhteen, paikan m\u00e4\u00e4rittelyn ja keskener\u00e4isyyden teemoja. Per\u00e4kyl\u00e4n teoksille on ominaista erilaisten tekstiilien moninainen uusiok\u00e4ytt\u00f6, vahva materiaalin tuntu ja veistoksellisuus. Kiinnostuksen kohteina ovat tila, maalauksen monimuotoisuus ja muoto.<br><br>Per\u00e4kyl\u00e4 on valmistunut Aalto yliopiston Taiteiden ja suunnittelun korkeakoulusta vuonna 2013 tekstiilitaiteen maisteriksi. H\u00e4n asuu Voikkaalla, ja ty\u00f6skentelee ty\u00f6huoneellaan Kuusankosken Taideruukilla. Per\u00e4kyl\u00e4n teoksia on Kouvolan taidemuseo Poikilon ja Namibian Yliopiston kokoelmissa. Per\u00e4kyl\u00e4lle my\u00f6nnettiin\u00a0 Kouvolan kaupungin kuvataiteilijapalkinto vuosille 2023-2025. Tunnustuksen my\u00f6t\u00e4 taiteilija pit\u00e4\u00e4 yksityisn\u00e4yttelyn Kouvolan taidemuseo Poikilossa kev\u00e4\u00e4ll\u00e4 2024.<\/p>\n\n\n\n<p>Per\u00e4kyl\u00e4n ty\u00f6skentely\u00e4 tukee Suomen Kulttuurirahaston Kymenlaakson maakuntarahasto. N\u00e4yttely\u00e4 on tukenut my\u00f6s Kymin Osakeyhti\u00f6n 100-vuotiss\u00e4\u00e4ti\u00f6. <br><br>yhteystiedot:<br>hannaelina.perakyla@gmail.com<br><a href=\"http:\/\/www.hannaperakyla.com\/\">http:\/\/www.hannaperakyla.com<br><\/a><a href=\"https:\/\/www.instagram.com\/hanna_perakyla\/\">https:\/\/www.instagram.com\/hanna_perakyla\/<\/a><br><br>artikkelikuva <br><em>Open<\/em><br>2023<br>punonta uusiok\u00e4ytetyll\u00e4 ritil\u00e4ll\u00e4<br>v\u00e4rj\u00e4tyt tekstiilit<br>77 x 67 x 25 cm<\/p>\n\n\n\n<figure class=\"wp-block-image size-full\"><img loading=\"lazy\" decoding=\"async\" width=\"800\" height=\"533\" src=\"http:\/\/www.hannaperakyla.com\/wp-content\/uploads\/2024\/02\/HAA_Perakyla-1.jpg\" alt=\"\" class=\"wp-image-983\" srcset=\"http:\/\/www.hannaperakyla.com\/wp-content\/uploads\/2024\/02\/HAA_Perakyla-1.jpg 800w, http:\/\/www.hannaperakyla.com\/wp-content\/uploads\/2024\/02\/HAA_Perakyla-1-300x200.jpg 300w, http:\/\/www.hannaperakyla.com\/wp-content\/uploads\/2024\/02\/HAA_Perakyla-1-768x512.jpg 768w\" sizes=\"auto, (max-width: 800px) 100vw, 800px\" \/><\/figure>\n\n\n\n<p><\/p>\n\n\n\n<p><\/p>\n\n\n\n<figure class=\"wp-block-image size-full\"><img loading=\"lazy\" decoding=\"async\" width=\"800\" height=\"533\" src=\"http:\/\/www.hannaperakyla.com\/wp-content\/uploads\/2024\/02\/HAA-Perakyla-12-1.jpg\" alt=\"\" class=\"wp-image-977\" srcset=\"http:\/\/www.hannaperakyla.com\/wp-content\/uploads\/2024\/02\/HAA-Perakyla-12-1.jpg 800w, http:\/\/www.hannaperakyla.com\/wp-content\/uploads\/2024\/02\/HAA-Perakyla-12-1-300x200.jpg 300w, http:\/\/www.hannaperakyla.com\/wp-content\/uploads\/2024\/02\/HAA-Perakyla-12-1-768x512.jpg 768w\" sizes=\"auto, (max-width: 800px) 100vw, 800px\" \/><\/figure>\n\n\n\n<p><\/p>\n\n\n\n<p><\/p>\n","protected":false},"excerpt":{"rendered":"<p>Hanna Per\u00e4kyl\u00e4Change of SceneryGalleria HAA28.9.\u201322.10.2023Tekstiili-installaatio Hanna Per\u00e4kyl\u00e4n teoskokonaisuus Change of Scenery k\u00e4sittelee maiseman m\u00e4\u00e4rittely\u00e4 ja sen&hellip;<\/p>\n","protected":false},"author":1,"featured_media":867,"comment_status":"closed","ping_status":"open","sticky":false,"template":"","format":"standard","meta":{"footnotes":""},"categories":[1],"tags":[],"class_list":["post-869","post","type-post","status-publish","format-standard","has-post-thumbnail","hentry","category-yleinen"],"_links":{"self":[{"href":"http:\/\/www.hannaperakyla.com\/index.php?rest_route=\/wp\/v2\/posts\/869","targetHints":{"allow":["GET"]}}],"collection":[{"href":"http:\/\/www.hannaperakyla.com\/index.php?rest_route=\/wp\/v2\/posts"}],"about":[{"href":"http:\/\/www.hannaperakyla.com\/index.php?rest_route=\/wp\/v2\/types\/post"}],"author":[{"embeddable":true,"href":"http:\/\/www.hannaperakyla.com\/index.php?rest_route=\/wp\/v2\/users\/1"}],"replies":[{"embeddable":true,"href":"http:\/\/www.hannaperakyla.com\/index.php?rest_route=%2Fwp%2Fv2%2Fcomments&post=869"}],"version-history":[{"count":10,"href":"http:\/\/www.hannaperakyla.com\/index.php?rest_route=\/wp\/v2\/posts\/869\/revisions"}],"predecessor-version":[{"id":1061,"href":"http:\/\/www.hannaperakyla.com\/index.php?rest_route=\/wp\/v2\/posts\/869\/revisions\/1061"}],"wp:featuredmedia":[{"embeddable":true,"href":"http:\/\/www.hannaperakyla.com\/index.php?rest_route=\/wp\/v2\/media\/867"}],"wp:attachment":[{"href":"http:\/\/www.hannaperakyla.com\/index.php?rest_route=%2Fwp%2Fv2%2Fmedia&parent=869"}],"wp:term":[{"taxonomy":"category","embeddable":true,"href":"http:\/\/www.hannaperakyla.com\/index.php?rest_route=%2Fwp%2Fv2%2Fcategories&post=869"},{"taxonomy":"post_tag","embeddable":true,"href":"http:\/\/www.hannaperakyla.com\/index.php?rest_route=%2Fwp%2Fv2%2Ftags&post=869"}],"curies":[{"name":"wp","href":"https:\/\/api.w.org\/{rel}","templated":true}]}}